{"id":306,"date":"2019-03-08T18:21:50","date_gmt":"2019-03-08T17:21:50","guid":{"rendered":"http:\/\/cluster-assurance-aura.com\/?p=306"},"modified":"2019-03-08T18:21:50","modified_gmt":"2019-03-08T17:21:50","slug":"8-mars-2019-un-comex-oriente-metiers-formation","status":"publish","type":"post","link":"https:\/\/assurance.alexisrittimann.com\/index.php\/2019\/03\/08\/8-mars-2019-un-comex-oriente-metiers-formation\/","title":{"rendered":"8 mars 2019, un Comex orient\u00e9 M\u00e9tiers &#038; Formation"},"content":{"rendered":"<p><img decoding=\"async\" loading=\"lazy\" class=\"size-medium wp-image-308 alignleft\" src=\"http:\/\/cluster-assurance-aura.com\/app\/uploads\/2019\/03\/comex-cluster-mars2019-300x159.jpg\" alt=\"\" width=\"300\" height=\"159\" srcset=\"https:\/\/assurance.alexisrittimann.com\/wp-content\/uploads\/2019\/03\/comex-cluster-mars2019-300x159.jpg 300w, https:\/\/assurance.alexisrittimann.com\/wp-content\/uploads\/2019\/03\/comex-cluster-mars2019-1024x544.jpg 1024w, https:\/\/assurance.alexisrittimann.com\/wp-content\/uploads\/2019\/03\/comex-cluster-mars2019-768x408.jpg 768w, https:\/\/assurance.alexisrittimann.com\/wp-content\/uploads\/2019\/03\/comex-cluster-mars2019.jpg 1200w\" sizes=\"(max-width: 300px) 100vw, 300px\" \/>Les Dirigeants du Comex du Cluster Assurance AuRA se sont r\u00e9unis dans les tr\u00e8s accueillants locaux d&rsquo;Opteven pour d\u00e9couvrir l&rsquo;avancement des projets du groupe de travail \u00ab\u00a0M\u00e9tiers et Assurance\u00a0\u00bb. Claire Flamens (CFDP), Fran\u00e7oise Fortuna (Harmonie Mutuelle) et Sylvain Martinet (Apicil) ont pr\u00e9sent\u00e9 les 3 sujets qui animent le groupe :<\/p>\n<ul>\n<li>La construction d&rsquo;une plus large collaboration entre les acteurs de l&rsquo;assurance et les \u00e9coles pour concevoir des formations initiales plus en accord avec les profils de candidats recherch\u00e9s<\/li>\n<li>La cr\u00e9ation d&rsquo;un catalogue mutualis\u00e9 de formations continues<\/li>\n<li>L&rsquo;organisation d&rsquo;un Forum-rencontres en sur la diversit\u00e9 des m\u00e9tiers dans l&rsquo;assurance destin\u00e9 \u00e0 attirer de nouveaux talents dans une fili\u00e8re dynamique qui emploie d\u00e9j\u00e0 25 000 personnes sur la r\u00e9gion.<\/li>\n<\/ul>\n<p>Ce Comex \u00e9tait \u00e9galement l&rsquo;occasion d&rsquo;un rapprochement avec le Cluster Digital League autour de travaux communs sur la facilitation du parcours clients.<\/p>\n<p><a href=\"https:\/\/www.linkedin.com\/shareArticle?mini=true&amp;url=http:\/\/developer.linkedin.com&amp;title=LinkedIn%20Developer%20Network&amp;summary=My%20favorite%20developer%20program&amp;source=LinkedIn\"><img decoding=\"async\" loading=\"lazy\" class=\"alignnone wp-image-326\" src=\"http:\/\/cluster-assurance-aura.com\/app\/uploads\/2019\/04\/picto-linkedin-300x300.jpg\" alt=\"\" width=\"50\" height=\"50\" srcset=\"https:\/\/assurance.alexisrittimann.com\/wp-content\/uploads\/2019\/04\/picto-linkedin-300x300.jpg 300w, https:\/\/assurance.alexisrittimann.com\/wp-content\/uploads\/2019\/04\/picto-linkedin-150x150.jpg 150w, https:\/\/assurance.alexisrittimann.com\/wp-content\/uploads\/2019\/04\/picto-linkedin.jpg 485w\" sizes=\"(max-width: 50px) 100vw, 50px\" \/><\/a><\/p>\n","protected":false},"excerpt":{"rendered":"<p>Les Dirigeants du Comex du Cluster Assurance AuRA se sont r\u00e9unis dans les tr\u00e8s accueillants locaux d&rsquo;Opteven pour d\u00e9couvrir l&rsquo;avancement des projets du groupe de travail \u00ab\u00a0M\u00e9tiers et Assurance\u00a0\u00bb. Claire Flamens (CFDP), Fran\u00e7oise Fortuna (Harmonie Mutuelle) et Sylvain Martinet (Apicil) ont pr\u00e9sent\u00e9 les 3 sujets qui animent le groupe : La construction d&rsquo;une plus large [&hellip;]<\/p>\n","protected":false},"author":1,"featured_media":0,"comment_status":"open","ping_status":"open","sticky":false,"template":"","format":"standard","meta":[],"categories":[8],"tags":[],"_links":{"self":[{"href":"https:\/\/assurance.alexisrittimann.com\/index.php\/wp-json\/wp\/v2\/posts\/306"}],"collection":[{"href":"https:\/\/assurance.alexisrittimann.com\/index.php\/wp-json\/wp\/v2\/posts"}],"about":[{"href":"https:\/\/assurance.alexisrittimann.com\/index.php\/wp-json\/wp\/v2\/types\/post"}],"author":[{"embeddable":true,"href":"https:\/\/assurance.alexisrittimann.com\/index.php\/wp-json\/wp\/v2\/users\/1"}],"replies":[{"embeddable":true,"href":"https:\/\/assurance.alexisrittimann.com\/index.php\/wp-json\/wp\/v2\/comments?post=306"}],"version-history":[{"count":0,"href":"https:\/\/assurance.alexisrittimann.com\/index.php\/wp-json\/wp\/v2\/posts\/306\/revisions"}],"wp:attachment":[{"href":"https:\/\/assurance.alexisrittimann.com\/index.php\/wp-json\/wp\/v2\/media?parent=306"}],"wp:term":[{"taxonomy":"category","embeddable":true,"href":"https:\/\/assurance.alexisrittimann.com\/index.php\/wp-json\/wp\/v2\/categories?post=306"},{"taxonomy":"post_tag","embeddable":true,"href":"https:\/\/assurance.alexisrittimann.com\/index.php\/wp-json\/wp\/v2\/tags?post=306"}],"curies":[{"name":"wp","href":"https:\/\/api.w.org\/{rel}","templated":true}]}}