{"id":2529,"date":"2022-06-29T17:05:12","date_gmt":"2022-06-29T15:05:12","guid":{"rendered":"https:\/\/cluster-assurance-aura.com\/?p=2529"},"modified":"2022-06-29T17:05:12","modified_gmt":"2022-06-29T15:05:12","slug":"retour-sur-notre-assemblee-generale-ordinaire-du-28-juin-2022","status":"publish","type":"post","link":"https:\/\/assurance.alexisrittimann.com\/index.php\/2022\/06\/29\/retour-sur-notre-assemblee-generale-ordinaire-du-28-juin-2022\/","title":{"rendered":"Retour sur notre Assembl\u00e9e G\u00e9n\u00e9rale Ordinaire 28 juin 2022"},"content":{"rendered":"\n<figure class=\"wp-block-gallery has-nested-images columns-2 is-cropped wp-block-gallery-1 is-layout-flex\">\n<figure class=\"wp-block-image size-full\"><a href=\"https:\/\/cluster-assurance-aura.com\/app\/uploads\/2022\/06\/1.jpg\"><img decoding=\"async\" data-id=\"2534\"  src=\"https:\/\/cluster-assurance-aura.com\/app\/uploads\/2022\/06\/1.jpg\" alt=\"\" class=\"wp-image-2534\"\/><\/a><\/figure>\n\n\n\n<figure class=\"wp-block-image size-full\"><a href=\"https:\/\/cluster-assurance-aura.com\/app\/uploads\/2022\/06\/2.jpg\"><img decoding=\"async\" data-id=\"2535\"  src=\"https:\/\/cluster-assurance-aura.com\/app\/uploads\/2022\/06\/2.jpg\" alt=\"\" class=\"wp-image-2535\"\/><\/a><\/figure>\n\n\n\n<figure class=\"wp-block-image size-full\"><a href=\"https:\/\/cluster-assurance-aura.com\/app\/uploads\/2022\/06\/3.jpg\"><img decoding=\"async\" data-id=\"2536\"  src=\"https:\/\/cluster-assurance-aura.com\/app\/uploads\/2022\/06\/3.jpg\" alt=\"\" class=\"wp-image-2536\"\/><\/a><\/figure>\n\n\n\n<figure class=\"wp-block-image size-full\"><a href=\"https:\/\/cluster-assurance-aura.com\/app\/uploads\/2022\/06\/5-scaled.jpg\"><img decoding=\"async\" data-id=\"2532\"  src=\"https:\/\/cluster-assurance-aura.com\/app\/uploads\/2022\/06\/5-scaled.jpg\" alt=\"\" class=\"wp-image-2532\"\/><\/a><\/figure>\n\n\n\n<figure class=\"wp-block-image size-full\"><a href=\"https:\/\/cluster-assurance-aura.com\/app\/uploads\/2022\/06\/6.jpg\"><img decoding=\"async\" data-id=\"2530\"  src=\"https:\/\/cluster-assurance-aura.com\/app\/uploads\/2022\/06\/6.jpg\" alt=\"\" class=\"wp-image-2530\"\/><\/a><\/figure>\n\n\n\n<figure class=\"wp-block-image size-full\"><a href=\"https:\/\/cluster-assurance-aura.com\/app\/uploads\/2022\/06\/7.jpg\"><img decoding=\"async\" data-id=\"2531\"  src=\"https:\/\/cluster-assurance-aura.com\/app\/uploads\/2022\/06\/7.jpg\" alt=\"\" class=\"wp-image-2531\"\/><\/a><\/figure>\n<\/figure>\n\n\n\n<p>\ud83d\udc49 Ce mardi 28 juin 2022, s&rsquo;est tenue l&rsquo;Assembl\u00e9e G\u00e9n\u00e9rale Ordinaire d&rsquo;Assurance Vall\u00e9e &#8211; Cluster Assurance AuRA.<\/p>\n\n\n\n<p>Sous la Pr\u00e9sidence de Jean-Paul Babey , nous nous sommes r\u00e9unis pour r\u00e9fl\u00e9chir \u00e0 la mise en place de synergies in\u00e9dites li\u00e9es \u00e0 l&#8217;emploi (marque employeur commune) et \u00e0 l&rsquo;\u00e9conomie dans notre r\u00e9gion pour continuer \u00e0 construire ensemble.<\/p>\n\n\n\n<p>\u2705 Pour \u00e9voquer cette ambition, plus de 25 d\u00e9cideurs du secteur de l&rsquo;assurance en Aura, membres d\u2019&nbsp;Assurance Vall\u00e9e &#8211; Cluster Assurance AuRA ont pu appr\u00e9cier l\u2019intervention de Monsieur&nbsp;Jean-Luc Raunicher, Pr\u00e9sident du&nbsp;Mouvement des Entreprises de France Auvergne-Rh\u00f4ne-Alpes, afin de nous ouvrir \u00e0 la construction de cette innovante dynamique \u00e9conomique :<\/p>\n\n\n\n<p>\ud83d\udd0e \u00ab Quels sont les enjeux pour l\u2019\u00e9conomie de la r\u00e9industrialisation et comment la fili\u00e8re assurance accompagne cette d\u00e9marche et prend part au mouvement ? \u00bb.<\/p>\n\n\n\n<p>\ud83d\ude4f Nous remercions chaleureusement Monsieur&nbsp;Jean-Luc Raunicher<br>&nbsp;pour sa pr\u00e9sence et son \u00e9clairage inspirant.<\/p>\n","protected":false},"excerpt":{"rendered":"<p>\ud83d\udc49 Ce mardi 28 juin 2022, s&rsquo;est tenue l&rsquo;Assembl\u00e9e G\u00e9n\u00e9rale Ordinaire d&rsquo;Assurance Vall\u00e9e &#8211; Cluster Assurance AuRA. Sous la Pr\u00e9sidence de Jean-Paul Babey , nous nous sommes r\u00e9unis pour r\u00e9fl\u00e9chir \u00e0 la mise en place de synergies in\u00e9dites li\u00e9es \u00e0 l&#8217;emploi (marque employeur commune) et \u00e0 l&rsquo;\u00e9conomie dans notre r\u00e9gion pour continuer \u00e0 construire ensemble. [&hellip;]<\/p>\n","protected":false},"author":1,"featured_media":0,"comment_status":"closed","ping_status":"closed","sticky":false,"template":"","format":"standard","meta":[],"categories":[8],"tags":[],"_links":{"self":[{"href":"https:\/\/assurance.alexisrittimann.com\/index.php\/wp-json\/wp\/v2\/posts\/2529"}],"collection":[{"href":"https:\/\/assurance.alexisrittimann.com\/index.php\/wp-json\/wp\/v2\/posts"}],"about":[{"href":"https:\/\/assurance.alexisrittimann.com\/index.php\/wp-json\/wp\/v2\/types\/post"}],"author":[{"embeddable":true,"href":"https:\/\/assurance.alexisrittimann.com\/index.php\/wp-json\/wp\/v2\/users\/1"}],"replies":[{"embeddable":true,"href":"https:\/\/assurance.alexisrittimann.com\/index.php\/wp-json\/wp\/v2\/comments?post=2529"}],"version-history":[{"count":0,"href":"https:\/\/assurance.alexisrittimann.com\/index.php\/wp-json\/wp\/v2\/posts\/2529\/revisions"}],"wp:attachment":[{"href":"https:\/\/assurance.alexisrittimann.com\/index.php\/wp-json\/wp\/v2\/media?parent=2529"}],"wp:term":[{"taxonomy":"category","embeddable":true,"href":"https:\/\/assurance.alexisrittimann.com\/index.php\/wp-json\/wp\/v2\/categories?post=2529"},{"taxonomy":"post_tag","embeddable":true,"href":"https:\/\/assurance.alexisrittimann.com\/index.php\/wp-json\/wp\/v2\/tags?post=2529"}],"curies":[{"name":"wp","href":"https:\/\/api.w.org\/{rel}","templated":true}]}}